{"id":294,"date":"2021-03-11T01:03:45","date_gmt":"2021-03-11T01:03:45","guid":{"rendered":"https:\/\/memoriasdeabril.net\/?p=294"},"modified":"2023-07-21T12:20:31","modified_gmt":"2023-07-21T11:20:31","slug":"marco-um-mes-frio-que-ja-foi-de-esperanca","status":"publish","type":"post","link":"https:\/\/memoriasdeabril.antadaestria.net\/?p=294","title":{"rendered":"Mar\u00e7o um m\u00eas frio que j\u00e1 foi de esperan\u00e7a"},"content":{"rendered":"\n<p><\/p>\n\n\n\n<p>Em Mar\u00e7o de 2021 &#8220;ressuscitaram&#8221; um relat\u00f3rio a que deram o nome &#8220;Relat\u00f3rio da comiss\u00e3o de averigua\u00e7\u00e3o de viol\u00eancias sobre presos sujeitos \u00e0s autoridades militares&#8221;.<br>A pe\u00e7a encontrava-se numa gaveta presidencial desde 1976 com o r\u00f3tulo de &#8220;secreto&#8221; e o Sr. Presidente da Rep\u00fablica, Prof. Dr. Marcelo Rebelo de Sousa, resolveu p\u00f4-lo ao l\u00e9u.<\/p>\n\n\n\n<p>\u00c9 curioso que numa altura em que vivemos uma \u00e9poca em que as for\u00e7as fascistas se est\u00e3o a reorganizar proliferem uma s\u00e9rie de manobras comunicacionais tendentes a p\u00f4r em causa os valores que habitualmente a esquerda adopta, contrapondo acontecimentos, homenagens e coment\u00e1rios panflet\u00e1rios t\u00e3o gratos \u00e0s direitas, tentando varrer para debaixo do tapete a sujidade acumulada pelo regime fascista ao longo dos anos.<\/p>\n\n\n\n<p>Ligado a Mar\u00e7o est\u00e1 o fracassado <a href=\"https:\/\/pt.wikipedia.org\/wiki\/Levantamento_das_Caldas\" target=\"_blank\" rel=\"noreferrer noopener\">golpe das Caldas<\/a> mas tamb\u00e9m o famoso <a href=\"https:\/\/pt.wikipedia.org\/wiki\/Golpe_de_11_de_Mar%C3%A7o_de_1975\" target=\"_blank\" rel=\"noreferrer noopener\">golpe spinolista<\/a> que no seu desenvolvimento pregou um grande susto aos &#8220;democratas&#8221; e direitistas aliados ao grande capital nacional e estrangeiro.<\/p>\n\n\n\n<p>No 11 de Mar\u00e7o de 1975 Spinola tenta perpetrar um golpe de estado militar a pretexto de &#8220;uma amea\u00e7a comunista&#8221; e foge para Espanha roubando um helic\u00f3ptero \u00e0 FAP. Mais tarde (1981), viria a ser promovido a marechal pelo chefe militar do 25 de Novembro de 1975, General Ramalho Eanes, quando era Presidente da Rep\u00fablica. Onde andar\u00e1 o &#8220;relat\u00f3rio&#8221; sobre estes crimes branqueados?&#8230;<\/p>\n\n\n\n<p>Recordando:<\/p>\n\n\n\n<p><em>&#8220;Em Aveiro, s\u00e3o destru\u00eddas e saqueadas as sedes do PCP e da Uni\u00e3o dos Sindicatos. Do recinto de uma f\u00e1brica abandonada lan\u00e7am-se cocktails molotov ao edif\u00edcio dos comunistas onde se encontram mulheres e crian\u00e7as. Cai morto o soldado Eug\u00e9nio Neves, 22 anos mas a bala fica \u00f3rf\u00e3. Uma crian\u00e7a \u00e9 atingida ao de leve nas costas. A exaltad\u00edssima turba da refrega inclui a nova uni\u00e3o nacional: ex-dirigentes do partido \u00fanico da ditadura, advogados do CDS, agitadores do MRPP e elementos do quase desconhecido ELF. N\u00e3o confundir com o ELP. Trata-se do Ex\u00e9rcito de Liberta\u00e7\u00e3o de Fermentelos, vers\u00e3o alcoolizada e de par\u00f3dia do terrorismo de prov\u00edncia, onde grupos de amigos se divertem a cortar a luz \u00e0s sess\u00f5es do PCP, intimidam militantes e bebem uns copos \u00e0 custa disso. Atr\u00e1s do pano, consta que a temperatura pol\u00edtica \u00e9 esquentada pelos donos da f\u00e1brica Vulcano.<br>No pa\u00eds acima do Ribatejo, a coutada unir\u00e1, durante meses, popula\u00e7\u00f5es alarmadas e manipuladas, emigrantes, agricultores, industriais na sombra, sacerdotes, grupelhos radicais de direita, retornados, ex-\u00abpides\u00bb, antigos legion\u00e1rios e velhos dirigentes do partido \u00fanico de Salazar e Caetano. PS, PPD e CDS n\u00e3o erguem ferro, mas ati\u00e7am o fogo. Rio Maior, diz M\u00e1rio Soares, \u00ab\u00e9 um exemplo que pode ser seguido noutras regi\u00f5es\u00bb. O f\u00f3sforo \u00e9 socialista.<br>Declara-se aberta a \u00e9poca da \u00abca\u00e7a aos comunistas\u00bb.<br>Os autos de f\u00e9, com mortos e feridos de parte a parte, geram uma escalada dantesca: em pouco tempo, mais de cem sedes de partidos de esquerda, a esmagadora maioria do PCP, s\u00e3o assaltadas, incendiadas e destru\u00eddas. Autom\u00f3veis, escrit\u00f3rios de advogados, consult\u00f3rios e casas de militantes tamb\u00e9m entram na fornalha. Livrarias e caf\u00e9s de figuras de esquerda s\u00e3o apedrejados. Os militares chegam tarde, quase sempre. Quando chegam. Tiros, matracas, bast\u00f5es cruzam-se. PSP e GNR fazem vista grossa e orelhas moucas, deixando arder, deixando bater.<br>E extrema-direita beligerante organiza-se a partir de Madrid. Spinola \u00e9 o l\u00edder espiritual e os financiamentos surgem, sobretudo, por conta dos bons pr\u00e9stimos de senhores do tempo da outra senhora. No territ\u00f3rio, atuam grupos organizados, munidos de um cocktail refinado de armas e bombas. Dizem-se patriotas e defendem uma \u00fanica sa\u00edda: \u00abReagir pela viol\u00eancia e preparar o Pa\u00eds para a guerra\u00bb, escreve Paradela de Abreu, operacional da cruzada. Galv\u00e3o de Melo, deputado do CDS e antigo membro da Junta de Salva\u00e7\u00e3o Nacional, escolhe: \u00abEntre uma guerra civil e um governo comunista de obedi\u00eancia ao estrangeiro, prefiro uma guerra civil\u00bb, afirma, disposto a chefiar \u00abum levantamento popular\u00bb. Com a moca de Rio Maior na m\u00e3o dir\u00e1: \u00ab\u00c9 preciso empurrar os comunistas at\u00e9 ao mar&#8230; e deixar que eles se afoguem.\u00bb<br>A hierarquia da Igreja mobiliza-se em todos os distritos a Norte.<br>Ap\u00f3s 48 anos em sil\u00eancio a aben\u00e7oar a nacional uni\u00e3o, decide ter voz: organiza \u00abmanifs\u00bb de apoio aos bispos em nome da liberdade e da democracia, com o caso da ocupa\u00e7\u00e3o da R\u00e1dio Renascen\u00e7a em fundo. Para o catolicismo ultramontano, comunismo \u00e9 tudo. E tudo \u00e9 PCP. Na contenda, n\u00e3o se distinguem tonalidades nem pinta.<br>Braga, onde a Primeira Rep\u00fablica morreu a parir uma ditadura, \u00e9 o quartel-general da conspira\u00e7\u00e3o de batina. D. Francisco Maria da Silva, arcebispo, benze a causa. O c\u00f3nego Eduardo Melo organiza o rebanho e aben\u00e7oa as m\u00e3os que carregam as bombas, diz-se. Ele nem \u00e0s paredes confessa. De missa em missa, de aldeia em aldeia, a mensagem passa \u00abos comunistas v\u00eam a\u00ed para levar as crian\u00e7as, ocupar as terras, dar uma injec\u00e7\u00e3o atr\u00e1s da orelha aos velhinhos.&#8221;<\/em><\/p>\n\n\n\n<p>(In &#8220;Quando Portugal Ardeu&#8221; de Miguel Carvalho)<\/p>\n\n\n\n<p>J\u00e1 depois do golpe de estado de 25 de Novembro de 1975, os crimes da direita fascista continuaram. Um dos mais escandalosos foi o assassinato do <a href=\"https:\/\/pt.wikipedia.org\/wiki\/Padre_Max\" target=\"_blank\" rel=\"noreferrer noopener\">padre Max <\/a>na Cumieira em 2 de Abril de 1976. \u00c9 f\u00e1cil perceber onde \u00e9 que a tal &#8220;normaliza\u00e7\u00e3o democr\u00e1tica&#8221; queria chegar. Um conjunto de for\u00e7as civis e militares de centro-direita pretendia implantar um &#8220;Estado democr\u00e1tico&#8221; capturado por interesses econ\u00f3micos e suscept\u00edvel de ser manipulado e corrompido pelas corpora\u00e7\u00f5es, seitas e outras organiza\u00e7\u00f5es ligadas \u00e0 finan\u00e7a nacional e internacional. \u00c9 o que temos hoje com toda a hipocrisia be\u00e1tica dos principais protagonistas.<\/p>\n\n\n\n<p>Ainda sobre um dos nomes citados no livro de Miguel Carvalho:<\/p>\n\n\n\n<p>Testemunho pessoal: Quando, logo ap\u00f3s o 25 de Abril, me encontrava a trabalhar no <a href=\"https:\/\/dre.tretas.org\/dre\/219976\/despacho-conjunto-DD3881-de-11-de-maio\" data-type=\"URL\" data-id=\"https:\/\/dre.tretas.org\/dre\/219976\/despacho-conjunto-DD3881-de-11-de-maio\" target=\"_blank\" rel=\"noreferrer noopener\">Bloco Editorial Expresso<\/a>, j\u00e1 desaparecido como consequ\u00eancia da luta de interesses variados \u00e0 volta do &#8220;neg\u00f3cio&#8221; da edi\u00e7\u00e3o e distribui\u00e7\u00e3o livreira, vivi esse desaparecimento, ficando no desemprego.<br>Como pertencia \u00e0 Comiss\u00e3o de Trabalhadores acompanhei as v\u00e1rias fases do processo.<br>Foi ent\u00e3o que conheci, como director, o Sr. Paradela de Abreu, que entre muitas coisas, foi combatente da Legi\u00e3o Estrangeira, o que ali\u00e1s estava dentro das suas qualidades de aventureiro. Recordo que numa reuni\u00e3o da CT foi comentado que o Sr. Paradela de Abreu teria tido o descaramento de apresentar uma nota de despesa sem justifica\u00e7\u00e3o documental com a seguinte descri\u00e7\u00e3o: 100 contos com gastos em despesas no hotel e l\u00e2minas para a barba.<br>Fica o registo que ilustra bem o car\u00e1cter do &#8220;ex\u00e9rcito&#8221; que tentou assaltar o poder em Portugal no 11 de Mar\u00e7o e que depois o concretizou no 25 de Novembro de 1975.<\/p>\n\n\n\n<p><a href=\"http:\/\/www1.ci.uc.pt\/cd25a\/wikka.php?wakka=PulsarMarco75\" target=\"_blank\" rel=\"noreferrer noopener\">Mar\u00e7o de 1975 &#8211; Cronologia<\/a><\/p>\n\n\n\n<p><\/p>\n\n\n\n<figure class=\"wp-block-embed is-type-video is-provider-youtube wp-block-embed-youtube wp-embed-aspect-16-9 wp-has-aspect-ratio\"><div class=\"wp-block-embed__wrapper\">\n<iframe loading=\"lazy\" title=\"11 de Mar\u00e7o de 1975\" width=\"640\" height=\"360\" src=\"https:\/\/www.youtube.com\/embed\/rLrmyiCN0ZI?feature=oembed\" frameborder=\"0\" allow=\"accelerometer; autoplay; clipboard-write; encrypted-media; gyroscope; picture-in-picture; web-share\" referrerpolicy=\"strict-origin-when-cross-origin\" allowfullscreen><\/iframe>\n<\/div><\/figure>\n","protected":false},"excerpt":{"rendered":"<p>No 11 de Mar\u00e7o de 1975 Spinola tenta dar um golpe de estado militar a pretexto de &#8220;uma amea\u00e7a comunista&#8221; e foge para Espanha roubando um helic\u00f3ptero \u00e0 FAP. Mais tarde (1981), viria a ser promovido a marechal pelo chefe militar do 25 de Novembro de 1975, General Ramalho Eanes, quando era Presidente da Rep\u00fablica. Onde andar\u00e1 o &#8220;relat\u00f3rio&#8221; sobre estes crimes branqueados?&#8230;<\/p>\n","protected":false},"author":1,"featured_media":660,"comment_status":"open","ping_status":"closed","sticky":false,"template":"","format":"standard","meta":{"footnotes":""},"categories":[2],"tags":[17],"class_list":["post-294","post","type-post","status-publish","format-standard","has-post-thumbnail","hentry","category-11-de-marco-de-1975","tag-11marco75"],"_links":{"self":[{"href":"https:\/\/memoriasdeabril.antadaestria.net\/index.php?rest_route=\/wp\/v2\/posts\/294","targetHints":{"allow":["GET"]}}],"collection":[{"href":"https:\/\/memoriasdeabril.antadaestria.net\/index.php?rest_route=\/wp\/v2\/posts"}],"about":[{"href":"https:\/\/memoriasdeabril.antadaestria.net\/index.php?rest_route=\/wp\/v2\/types\/post"}],"author":[{"embeddable":true,"href":"https:\/\/memoriasdeabril.antadaestria.net\/index.php?rest_route=\/wp\/v2\/users\/1"}],"replies":[{"embeddable":true,"href":"https:\/\/memoriasdeabril.antadaestria.net\/index.php?rest_route=%2Fwp%2Fv2%2Fcomments&post=294"}],"version-history":[{"count":4,"href":"https:\/\/memoriasdeabril.antadaestria.net\/index.php?rest_route=\/wp\/v2\/posts\/294\/revisions"}],"predecessor-version":[{"id":661,"href":"https:\/\/memoriasdeabril.antadaestria.net\/index.php?rest_route=\/wp\/v2\/posts\/294\/revisions\/661"}],"wp:featuredmedia":[{"embeddable":true,"href":"https:\/\/memoriasdeabril.antadaestria.net\/index.php?rest_route=\/wp\/v2\/media\/660"}],"wp:attachment":[{"href":"https:\/\/memoriasdeabril.antadaestria.net\/index.php?rest_route=%2Fwp%2Fv2%2Fmedia&parent=294"}],"wp:term":[{"taxonomy":"category","embeddable":true,"href":"https:\/\/memoriasdeabril.antadaestria.net\/index.php?rest_route=%2Fwp%2Fv2%2Fcategories&post=294"},{"taxonomy":"post_tag","embeddable":true,"href":"https:\/\/memoriasdeabril.antadaestria.net\/index.php?rest_route=%2Fwp%2Fv2%2Ftags&post=294"}],"curies":[{"name":"wp","href":"https:\/\/api.w.org\/{rel}","templated":true}]}}