{"id":679,"date":"2025-07-09T00:32:50","date_gmt":"2025-07-08T23:32:50","guid":{"rendered":"https:\/\/memoriasdeabril.antadaestria.net\/?p=679"},"modified":"2025-07-09T00:56:34","modified_gmt":"2025-07-08T23:56:34","slug":"a-ocupacao-e-luta-dos-trabalhadores-da-radio-renascenca","status":"publish","type":"post","link":"https:\/\/memoriasdeabril.antadaestria.net\/?p=679","title":{"rendered":"A ocupa\u00e7\u00e3o e luta dos trabalhadores da R\u00e1dio Renascen\u00e7a"},"content":{"rendered":"\n<blockquote class=\"wp-block-quote is-layout-flow wp-block-quote-is-layout-flow\">\n<p>&#8220;Ao servi\u00e7o da classe oper\u00e1ria, dos camponeses e do povo trabalhador&#8221;<\/p>\n\n\n\n<blockquote class=\"wp-block-quote is-layout-flow wp-block-quote-is-layout-flow\"><div class=\"wp-block-image\">\n<figure class=\"aligncenter size-full\"><img loading=\"lazy\" decoding=\"async\" width=\"223\" height=\"320\" src=\"https:\/\/memoriasdeabril.antadaestria.net\/wp-content\/uploads\/2025\/07\/RadioRenascenca-Ate-a-Vitoria-Final-1.jpg\" alt=\"\" class=\"wp-image-696\" srcset=\"https:\/\/memoriasdeabril.antadaestria.net\/wp-content\/uploads\/2025\/07\/RadioRenascenca-Ate-a-Vitoria-Final-1.jpg 223w, https:\/\/memoriasdeabril.antadaestria.net\/wp-content\/uploads\/2025\/07\/RadioRenascenca-Ate-a-Vitoria-Final-1-209x300.jpg 209w\" sizes=\"auto, (max-width: 223px) 100vw, 223px\" \/><figcaption class=\"wp-element-caption\">poster alusivo \u00e0 luta dos trabalhadores da RR ocupada.<\/figcaption><\/figure>\n<\/div><\/blockquote>\n<\/blockquote>\n\n\n\n<p><strong><a href=\"https:\/\/archive.org\/details\/montagem-de-gravacoes-da-luta-dos-trabalhadores-da-radio-renascenca-1974\">Montagem De Gravac\u0327o\u0303es Da Luta Dos Trabalhadores Da Ra\u0301dio Renascenc\u0327a 1974<\/a><\/strong><\/p>\n\n\n\n<blockquote class=\"wp-block-quote has-text-align-left is-layout-flow wp-block-quote-is-layout-flow\">\n<p><\/p>\n<cite>&#8220;Quando foi anunciada a Junta de Salva\u00e7\u00e3o Militar, com Sp\u00ednola \u00e0 frente; &#8220;proclamei&#8221; em plena sala dos notici\u00e1rios que os acontecimentos, tinham todos os ingredientes dum golpe militar e n\u00e3o de uma revolu\u00e7\u00e3o.<br>Azar o meu, porque nenhum deles, (jornalistas) tinha estado na guerra colonial e muito menos na Guin\u00e9 de onde eu tinha regressado h\u00e1 t\u00e3o pouco tempo antes e tinha escutado alguns discursos e hist\u00f3rias sobre o senhor do mon\u00f3culo e bengalim.<br>Consequ\u00eancia imediata. Fiquei impedido de entrar na sala dos notici\u00e1rios (at\u00e9 ao precipitar dos acontecimentos internos da RR).&#8221; (Carlos Filipe Coelho)<\/cite><\/blockquote>\n\n\n\n<h2 class=\"wp-block-heading\">Introdu\u00e7\u00e3o<\/h2>\n\n\n\n<p class=\"has-text-align-left\">H\u00e1 v\u00e1rios anos que tenho no meu ba\u00fa algumas mem\u00f3rias de um camarada, infelizmente j\u00e1 desaparecido, que viveu por dentro a \u201cLuta dos trabalhadores da R\u00e1dio Renascen\u00e7a\u201d. Conheci-o atrav\u00e9s da sua companheira, antiga colega de trabalho do Bloco Expresso, a Ad\u00e9lia, que infelizmente tamb\u00e9m j\u00e1 n\u00e3o est\u00e1 entre n\u00f3s. Ambos pertencemos \u00e0 Comiss\u00e3o de Trabalhadores dessa distribuidora livreira que foi engolida na luta partid\u00e1ria entre o PS e o PCP com a Companhia de Seguros Imp\u00e9rio e a Sociedade Nacional de Sab\u00f5es \u00e0 mistura.<br>Nenhum de n\u00f3s se identificava com aqueles partidos, and\u00e1vamos pela \u00e1rea da \u201cEsquerda Revolucion\u00e1ria\u201d&#8230;<br>O que sofremos at\u00e9 ir parar ao desemprego\u2026<br>Voltando ao assunto: O nosso conv\u00edvio continuou para al\u00e9m da fase em que existiu o Bloco Expresso e e Luta da R\u00e1dio Renascen\u00e7a. No desemprego, cheg\u00e1mos a ter uma \u201coficina\u201d onde eu e o Carlos Filipe repar\u00e1vamos r\u00e1dios e televisores que \u00edamos buscar a Sines para os entregar reparados no final da semana seguinte.<br>Mais tarde continu\u00e1mos em contacto nos GDUP, na campanha do Otelo a Presidente, e depois na OUT.<br>Aqui ficam algumas mem\u00f3rias e uma homenagem \u00e0 Ad\u00e9lia e ao Carlos Filipe.<\/p>\n\n\n\n<figure class=\"wp-block-gallery has-nested-images columns-default is-cropped wp-block-gallery-1 is-layout-flex wp-block-gallery-is-layout-flex\"><\/figure>\n\n\n\n<h2 class=\"wp-block-heading\">Testemunho<\/h2>\n\n\n\n<p>Uma hist\u00f3ria de vida e uma vis\u00e3o sobre o conflito<\/p>\n\n\n\n<p>&#8220;Passados tr\u00eas ou quatro dias de ter alta do Hospital Militar (Lisboa) onde estive internado alguns meses ap\u00f3s evacua\u00e7\u00e3o da Guin\u00e9, recebi uma carta para trabalhar na Radio Renascen\u00e7a, tamb\u00e9m em Lisboa.<br>Fui aceite como t\u00e9cnico de electr\u00f3nica depois de alguns dias de est\u00e1gio.<br>A 16 de Mar\u00e7o de 1974, porque n\u00e3o havia rep\u00f3rter de som para uma &#8220;cerim\u00f3nia&#8221; ao que entendi na altura tinha sido convocada muito repentinamente, fui enviado a desempenhar aquela fun\u00e7\u00e3o.<br>Nunca o meu corpo teve tanto formigueiro, ao estar na presen\u00e7a daqueles verdugos a renovar vassalagem a Caetano, e todos renovando vontade de perpetuar o regime fascista, principalmente na vertente colonial.<br>Aconteceu o 25 Abril.<br>Noite essa, ou melhor, madrugada essa que ainda n\u00e3o vi descrita com a total veracidade dos factos e actores, dentro das instala\u00e7\u00f5es da R\u00e1dio Renascen\u00e7a na Rua Capelo. Pormenor este que remeto de momento para o &#8220;fundo da caixa&#8221;, embora n\u00e3o inating\u00edvel.<br>Ap\u00f3s o 25 Abril, dentro das instala\u00e7\u00f5es da R Renascen\u00e7a, embora n\u00e3o sendo trabalhadores de facto, orbitaram muitos oportunistas, desestabilizadores, doentes infantis do comunismo, controleiros e outros que tais. At\u00e9 o que<br>\u00e9 o fugitivo &#8220;secret\u00e1rio&#8221; de Carlos Cruz, era na altura telefonista; al\u00e9m de alguns trabalhadores mais antigos de Lisboa e Porto que embora imbu\u00eddos de conceitos sociais retr\u00f3grados, por motivos ocultos aderiram \u00e0 luta dos trabalhadores.<br>Pesadelo que foi para mim, ainda estava fresquinho de (claras) ideias, pois \u00e0 parte da minha adolesc\u00eancia, tive alguns anos para ver, ouvir e ler enquanto militar dentro e fora sistema, ver ouvir e comunicar enquanto na Guin\u00e9, e dialogando enquanto \u201ch\u00f3spede\u201d do Hospital Militar, com outros militares, muitos deles africanos, tamb\u00e9m evacuados de guerra nas v\u00e1rias col\u00f3nias.<br>Voltando atr\u00e1s, eu devia ser um dos muito poucos trabalhadores, que n\u00e3o estava enquadrado naquela altura em nenhuma organiza\u00e7\u00e3o pol\u00edtica (e continuo assim, fico bem, obrigado).<br>N\u00e3o havendo uma parti\u00e7\u00e3o r\u00edgida de sectores nas instala\u00e7\u00f5es da RR, os trabalhares circulavam com total \u00e0 vontade. Quando foi anunciada a Junta de Salva\u00e7\u00e3o Nacional, com Sp\u00ednola \u00e0 frente; &#8220;proclamei&#8221; em plena sala dos notici\u00e1rios que os acontecimentos, tinham todos os ingredientes dum golpe militar e n\u00e3o de uma revolu\u00e7\u00e3o.<br>Azar o meu, porque nenhum deles, (jornalistas) tinha estado na guerra colonial e muito menos na Guin\u00e9 de onde eu tinha regressado t\u00e3o pouco tempo antes e tinha escutado alguns discursos e hist\u00f3rias sobre o Sr. do mon\u00f3culo e bengalim.<br>Consequ\u00eancia imediata. Fiquei impedido de entrar na sala dos notici\u00e1rios (at\u00e9 ao precipitar dos acontecimentos internos da RR).<br>H\u00e1 alguns Senhores, na \u00e9poca &#8220;revolucion\u00e1rios trabalhadores&#8221; que abandonaram o barco ao primeiro balan\u00e7o e hoje prestigiados jornalistas e\/ou empres\u00e1rios.<br>Outros n\u00e3o tinham suficiente convic\u00e7\u00e3o para suportar o aperto da situa\u00e7\u00e3o (falta de ordenados, hor\u00e1rios), de saber descodificar os acontecimentos que se desenrolavam a todos n\u00edveis \u00e0 nossa volta, nem de se imunizarem \u00e0s influ\u00eancias dos &#8220;sat\u00e9lites&#8221; (bufos do patriarcado, das organiza\u00e7\u00f5es de direita dos controleiros partid\u00e1rios e at\u00e9 da CIA. Sim da C. I. A., duvidam ?<br>Lembram-se dum Artur Albarran, era um jovem jornalista, e que h\u00e1 muito tempo \u00e9 amigo (p\u00fablico) do Sr. Carlucci, ex-embaixador americano em Portugal ?\u2026<br>Os meses foram passando\u2026<br>O Centro Emissor na Buraca em Benfica era (ou devia ter sido) a nossa principal preocupa\u00e7\u00e3o, naturalmente. Mas ao fim de algum tempo deixou de ter a devida aten\u00e7\u00e3o. \u00c9ramos tr\u00eas ou quatro que t\u00ednhamos a consci\u00eancia do que se estava a passar naqueles terrenos, onde dorm\u00edamos em cadeiras e posteriormente em tendas militares, as nossas companheiras iam nos levar de comer e fazer-nos alguma companhia. Confraternizarmos com as pessoas que nos iam prestar o seu apoio, tanto ali como nos est\u00fadios.<br>Sentia-me muito pior ali (pelo factor do desconhecido) do que no meio das tabancas durante a noite convivendo com a popula\u00e7\u00e3o na Guin\u00e9. As instala\u00e7\u00f5es do Emissor e \u00e1rea circundante estava pejada de indiv\u00edduos de uma infantil doen\u00e7a de \u201crevolucionarite\u201d. Circulavam algumas armas pessoais (?) e os reais membros da RR cada vez mais se estabeleciam nos est\u00fadios da R. Capelo, contaminados pelo vedetismo da \u00e9poca nas reportagens, sendo verdade que os acontecimentos pol\u00edticos eram em catadupa.<br>Houve algumas tentativas de passar os est\u00fadios para as instala\u00e7\u00f5es do Emissor, mas havendo algumas resist\u00eancias pessoais e de car\u00e1cter t\u00e9cnico, n\u00e3o se concretizou.<br>No Porto, a RR podia ter emiss\u00e3o diferente e aut\u00f3noma. Ali os trabalhadores estavam mais controlados pelo Patriarcado.<br>A ocupa\u00e7\u00e3o da r\u00e1dio come\u00e7ou em Lisboa e os colegas do Porto aderiram dois ou tr\u00eas dias depois, o que deu tempo aos serventes do Patriarcado tomarem as devidas provid\u00eancias.<br>Em termos laborais e pol\u00edticos nas instala\u00e7\u00f5es da RR, no Porto a situa\u00e7\u00e3o definia-se clara e basicamente em pr\u00f3 ou contra o Patriarcado. Com o passar do tempo e muito pr\u00f3ximo do fim, os trabalhadores na maioria, porque n\u00e3o viam as coisas muito claras aqui em Lisboa, come\u00e7avam a \u201cestabilizar-se patriarcalmente\u201d.<\/p>\n\n\n\n<p>Voltando a Lisboa. Come\u00e7a-se a instalar a anarquia disfar\u00e7ada de agita\u00e7\u00e3o, perde-se alguns dos objectivos, sendo o mais importante a R Renascen\u00e7a ser na pr\u00e1tica (e de forma inequ\u00edvoca ficou demonstrado a sua utilidade social), uma via aberta e livre para os trabalhadores e popula\u00e7\u00e3o em geral.<br>Com o evoluir dos acontecimentos dentro dos quart\u00e9is, reuni\u00f5es de patentes militares, a cria\u00e7\u00e3o de correntes militares nos (e dos) diversos ramos, o surgimento de correntes (ditas) revolucion\u00e1rias (s\u00f3 deus e odiabo sabiam quem eram); levou a que os trabalhadores da RR no realizar das suas tarefas principalmente jornal\u00edsticas, se viessem a enredar (no m\u00ednimo sentimentalmente) com a situa\u00e7\u00e3o pol\u00edtico-militar.<br>Era manifesta a confus\u00e3o no realizar de tarefas jornal\u00edsticas. J\u00e1 se via golpes e contra-golpes militares todos os dias.<br>Portanto, a \u201canarquia\u201d (desorienta\u00e7\u00e3o e\/ou incapacidade) na sua pr\u00f3pria organiza\u00e7\u00e3o os trabalhadores da emissora sem o saberem e a par do que se desenvolvia nas instala\u00e7\u00f5es do Emissor em Benfica, estavam a criar todas as condi\u00e7\u00f5es (a par de outras que se desenrolavam em todo o territ\u00f3rio) para o golpe que viria a alterar por completo o futuro deste pa\u00eds. O 25 de Novembro.<br>Digo &#8220;estavam&#8221; porque com a RR emitindo, n\u00e3o haveria nenhum comando Jaime Neves ou futuro breve presidente Ramalho Eanes que tivesse levado \u00e0 pr\u00e1tica o 25 de Novembro.<br>Ou seja a &#8220;intelligence&#8221; deste pa\u00eds com o comando ou orienta\u00e7\u00f5es de outros organismos similares criaram as infiltradas condi\u00e7\u00f5es para que os Emissores da R\u00e1dio Renascen\u00e7a fossem destru\u00eddos \u00e0 bomba por tropa especial. Foi a ac\u00e7\u00e3o militar pr\u00e9via e necess\u00e1ria para o desenrolar do 25 de Novembro pouqu\u00edssimos dias depois.&#8221;<br>Obrigado pela vossa aten\u00e7\u00e3o e leitura.<br>Um abra\u00e7o.<br>Carlos Filipe<br>Agosto, 2010<\/p>\n\n\n\n<p>Texto que me foi enviado pelo Carlos Filipe a prop\u00f3sito de grava\u00e7\u00f5es e outras p\u00e9rolas sobre a luta ma RR<\/p>\n\n\n\n<h2 class=\"wp-block-heading\">No auge da luta <\/h2>\n\n\n\n<figure class=\"wp-block-image size-full\"><a href=\"https:\/\/archive.org\/details\/montagem-de-gravacoes-da-luta-dos-trabalhadores-da-radio-renascenca-1974\"><img loading=\"lazy\" decoding=\"async\" width=\"288\" height=\"365\" src=\"https:\/\/memoriasdeabril.antadaestria.net\/wp-content\/uploads\/2020\/08\/abril18-colante-ou-cartaz-autocc81nomo.jpg\" alt=\"\" class=\"wp-image-226\" srcset=\"https:\/\/memoriasdeabril.antadaestria.net\/wp-content\/uploads\/2020\/08\/abril18-colante-ou-cartaz-autocc81nomo.jpg 288w, https:\/\/memoriasdeabril.antadaestria.net\/wp-content\/uploads\/2020\/08\/abril18-colante-ou-cartaz-autocc81nomo-237x300.jpg 237w\" sizes=\"auto, (max-width: 288px) 100vw, 288px\" \/><\/a><\/figure>\n\n\n\n<p>Clique na imagem para ouvir o \u00e1udio<\/p>\n","protected":false},"excerpt":{"rendered":"<p>Montagem De Gravac\u0327o\u0303es Da Luta Dos Trabalhadores Da Ra\u0301dio Renascenc\u0327a 1974 &#8220;Quando foi anunciada a Junta de Salva\u00e7\u00e3o Militar, com Sp\u00ednola \u00e0<\/p>\n<p class=\"link-more\"><a class=\"myButt \" href=\"https:\/\/memoriasdeabril.antadaestria.net\/?p=679\">Read More<\/a><\/p>\n","protected":false},"author":1,"featured_media":226,"comment_status":"open","ping_status":"closed","sticky":false,"template":"","format":"standard","meta":{"footnotes":""},"categories":[25,10,12,1],"tags":[27,28,19,26],"class_list":["post-679","post","type-post","status-publish","format-standard","has-post-thumbnail","hentry","category-luta-dos-trabalhadores-da-radio-renancenca","category-lutas-ocupacoes","category-memoria","category-uncategorized","tag-27","tag-28","tag-lutas","tag-radio-renascenca-ocupada"],"_links":{"self":[{"href":"https:\/\/memoriasdeabril.antadaestria.net\/index.php?rest_route=\/wp\/v2\/posts\/679","targetHints":{"allow":["GET"]}}],"collection":[{"href":"https:\/\/memoriasdeabril.antadaestria.net\/index.php?rest_route=\/wp\/v2\/posts"}],"about":[{"href":"https:\/\/memoriasdeabril.antadaestria.net\/index.php?rest_route=\/wp\/v2\/types\/post"}],"author":[{"embeddable":true,"href":"https:\/\/memoriasdeabril.antadaestria.net\/index.php?rest_route=\/wp\/v2\/users\/1"}],"replies":[{"embeddable":true,"href":"https:\/\/memoriasdeabril.antadaestria.net\/index.php?rest_route=%2Fwp%2Fv2%2Fcomments&post=679"}],"version-history":[{"count":11,"href":"https:\/\/memoriasdeabril.antadaestria.net\/index.php?rest_route=\/wp\/v2\/posts\/679\/revisions"}],"predecessor-version":[{"id":703,"href":"https:\/\/memoriasdeabril.antadaestria.net\/index.php?rest_route=\/wp\/v2\/posts\/679\/revisions\/703"}],"wp:featuredmedia":[{"embeddable":true,"href":"https:\/\/memoriasdeabril.antadaestria.net\/index.php?rest_route=\/wp\/v2\/media\/226"}],"wp:attachment":[{"href":"https:\/\/memoriasdeabril.antadaestria.net\/index.php?rest_route=%2Fwp%2Fv2%2Fmedia&parent=679"}],"wp:term":[{"taxonomy":"category","embeddable":true,"href":"https:\/\/memoriasdeabril.antadaestria.net\/index.php?rest_route=%2Fwp%2Fv2%2Fcategories&post=679"},{"taxonomy":"post_tag","embeddable":true,"href":"https:\/\/memoriasdeabril.antadaestria.net\/index.php?rest_route=%2Fwp%2Fv2%2Ftags&post=679"}],"curies":[{"name":"wp","href":"https:\/\/api.w.org\/{rel}","templated":true}]}}