{"id":99,"date":"2020-05-12T19:12:56","date_gmt":"2020-05-12T18:12:56","guid":{"rendered":"http:\/\/memoriasdeabril.net\/?p=99"},"modified":"2023-07-21T11:22:02","modified_gmt":"2023-07-21T10:22:02","slug":"spinola-comeca-a-sentir-se-patrao","status":"publish","type":"post","link":"https:\/\/memoriasdeabril.antadaestria.net\/?p=99","title":{"rendered":"Sp\u00ednola come\u00e7a a sentir-se &#8220;patr\u00e3o&#8221;&#8230;"},"content":{"rendered":"\n<p>25 de Abril 20:00horas<\/p>\n\n\n\n<p>\u00c9 finalmente lida nos emissores do RCP, a Proclama\u00e7\u00e3o do Movimento das For\u00e7as Armadas. Vinte e uma horas ap\u00f3s a emiss\u00e3o do primeiro sinal confirmativo das opera\u00e7\u00f5es o regime ca\u00eda.<br>Ant\u00f3nio de Sp\u00ednola chega ao Quartel da Pontinha. &#8221; Senhores oficiais, devo come\u00e7ar por inform\u00e1-los que acabo de assumir o poder no Quartel do Carmo. Agora vamos ao trabalho.&#8221;<br>(fonte: Wikip\u00e9dia)<\/p>\n\n\n\n<figure class=\"wp-block-embed-youtube wp-block-embed is-type-rich wp-embed-aspect-16-9 wp-has-aspect-ratio\"><div class=\"wp-block-embed__wrapper\">\n<iframe loading=\"lazy\" title=\"25 de Abril 1974 - R\u00e1dio Grava\u00e7\u00e3o\" width=\"640\" height=\"360\" src=\"https:\/\/www.youtube.com\/embed\/ckwmKZJjGaU?feature=oembed\" frameborder=\"0\" allow=\"accelerometer; autoplay; clipboard-write; encrypted-media; gyroscope; picture-in-picture; web-share\" referrerpolicy=\"strict-origin-when-cross-origin\" allowfullscreen><\/iframe>\n<\/div><\/figure>\n","protected":false},"excerpt":{"rendered":"<p>25 de Abril 20:00horas \u00c9 finalmente lida nos emissores do RCP, a Proclama\u00e7\u00e3o do Movimento das For\u00e7as Armadas. Vinte e uma horas<\/p>\n<p class=\"link-more\"><a class=\"myButt \" href=\"https:\/\/memoriasdeabril.antadaestria.net\/?p=99\">Read More<\/a><\/p>\n","protected":false},"author":1,"featured_media":635,"comment_status":"open","ping_status":"closed","sticky":false,"template":"","format":"standard","meta":{"footnotes":""},"categories":[4],"tags":[],"class_list":["post-99","post","type-post","status-publish","format-standard","has-post-thumbnail","hentry","category-25-de-abril-1974"],"_links":{"self":[{"href":"https:\/\/memoriasdeabril.antadaestria.net\/index.php?rest_route=\/wp\/v2\/posts\/99","targetHints":{"allow":["GET"]}}],"collection":[{"href":"https:\/\/memoriasdeabril.antadaestria.net\/index.php?rest_route=\/wp\/v2\/posts"}],"about":[{"href":"https:\/\/memoriasdeabril.antadaestria.net\/index.php?rest_route=\/wp\/v2\/types\/post"}],"author":[{"embeddable":true,"href":"https:\/\/memoriasdeabril.antadaestria.net\/index.php?rest_route=\/wp\/v2\/users\/1"}],"replies":[{"embeddable":true,"href":"https:\/\/memoriasdeabril.antadaestria.net\/index.php?rest_route=%2Fwp%2Fv2%2Fcomments&post=99"}],"version-history":[{"count":2,"href":"https:\/\/memoriasdeabril.antadaestria.net\/index.php?rest_route=\/wp\/v2\/posts\/99\/revisions"}],"predecessor-version":[{"id":638,"href":"https:\/\/memoriasdeabril.antadaestria.net\/index.php?rest_route=\/wp\/v2\/posts\/99\/revisions\/638"}],"wp:featuredmedia":[{"embeddable":true,"href":"https:\/\/memoriasdeabril.antadaestria.net\/index.php?rest_route=\/wp\/v2\/media\/635"}],"wp:attachment":[{"href":"https:\/\/memoriasdeabril.antadaestria.net\/index.php?rest_route=%2Fwp%2Fv2%2Fmedia&parent=99"}],"wp:term":[{"taxonomy":"category","embeddable":true,"href":"https:\/\/memoriasdeabril.antadaestria.net\/index.php?rest_route=%2Fwp%2Fv2%2Fcategories&post=99"},{"taxonomy":"post_tag","embeddable":true,"href":"https:\/\/memoriasdeabril.antadaestria.net\/index.php?rest_route=%2Fwp%2Fv2%2Ftags&post=99"}],"curies":[{"name":"wp","href":"https:\/\/api.w.org\/{rel}","templated":true}]}}